{"id":17747,"date":"2023-02-09T11:55:19","date_gmt":"2023-02-09T09:55:19","guid":{"rendered":"https:\/\/www.incliva.es\/?p=17747"},"modified":"2023-02-09T11:55:19","modified_gmt":"2023-02-09T09:55:19","slug":"programa-investigo-sepe","status":"publish","type":"post","link":"https:\/\/tst.incliva.es\/en\/programa-investigo-sepe\/","title":{"rendered":"Programa Investigo &#8211; SEPE"},"content":{"rendered":"<p><strong>Tipo:<\/strong> Recursos humanos y movilidad<br \/>\n<strong>\u00c1mbito:<\/strong> Espa\u00f1a<\/p>\n<p><strong>Qu\u00e9 financian:<\/strong> Se financia la contrataci\u00f3n laboral de j\u00f3venes demandantes de empleo para la realizaci\u00f3n de iniciativas de investigaci\u00f3n e innovaci\u00f3n.<\/p>\n<p><strong>Para qui\u00e9n:<\/strong> Universidades, organismos p\u00fablicos de investigaci\u00f3n, Centros e instituciones sanitarias p\u00fablicas y privadas sin \u00e1nimo de lucro, IIS, centros tecnol\u00f3gicos, centros p\u00fablicos y privados de I+D+i y empresas pertenecientes al sector p\u00fablico o privado.<\/p>\n<p><strong>Duraci\u00f3n y dotaci\u00f3n:<\/strong> De 12 a 24 meses.<br \/>\n<strong>Presupuesto para cada plazo de presentaci\u00f3n:<\/strong><br \/>\nPara el primer plazo, el cr\u00e9dito disponible ser\u00e1 de 35M \u20ac.<br \/>\nPara el segundo plazo en 2022, el cr\u00e9dito disponible ser\u00e1 de 23.7 M\u20ac<br \/>\nPara el tercer plazo en 2023, el cr\u00e9dito disponible ser\u00e1 de 12.4 M\u20ac.<\/p>\n<p>El n\u00famero m\u00e1ximo de contratos a financiar por solicitud no podr\u00e1 superar el 20% del cr\u00e9dito disponible en cada plazo de solicitud.<\/p>\n<p><a href=\"https:\/\/www.incliva.es\/wp-content\/uploads\/2023\/02\/BOE-B-2021-51680-22-11-2021.pdf\">BOE noviembre de 2022 (modificaci\u00f3n)<\/a><\/p>\n<p><a href=\"https:\/\/www.incliva.es\/wp-content\/uploads\/2023\/02\/BOE-B-2022-34888.pdf\">Extracto de la Resoluci\u00f3n 7 de noviembre de 2022<\/a><\/p>\n<p><a href=\"https:\/\/www.incliva.es\/wp-content\/uploads\/2023\/02\/Resolucion-7-noviembre-modifica-resolucion-INVESTIGO.pdf\">Resoluci\u00f3n<\/a><\/p>\n","protected":false},"excerpt":{"rendered":"<p>Tipo: Recursos humanos y movilidad \u00c1mbito: Espa\u00f1a Qu\u00e9 financian: Se [&hellip;]<\/p>\n","protected":false},"author":12,"featured_media":0,"comment_status":"closed","ping_status":"open","sticky":false,"template":"","format":"standard","meta":[],"categories":[138],"tags":[],"acf":[],"_links":{"self":[{"href":"https:\/\/tst.incliva.es\/en\/wp-json\/wp\/v2\/posts\/17747"}],"collection":[{"href":"https:\/\/tst.incliva.es\/en\/wp-json\/wp\/v2\/posts"}],"about":[{"href":"https:\/\/tst.incliva.es\/en\/wp-json\/wp\/v2\/types\/post"}],"author":[{"embeddable":true,"href":"https:\/\/tst.incliva.es\/en\/wp-json\/wp\/v2\/users\/12"}],"replies":[{"embeddable":true,"href":"https:\/\/tst.incliva.es\/en\/wp-json\/wp\/v2\/comments?post=17747"}],"version-history":[{"count":0,"href":"https:\/\/tst.incliva.es\/en\/wp-json\/wp\/v2\/posts\/17747\/revisions"}],"wp:attachment":[{"href":"https:\/\/tst.incliva.es\/en\/wp-json\/wp\/v2\/media?parent=17747"}],"wp:term":[{"taxonomy":"category","embeddable":true,"href":"https:\/\/tst.incliva.es\/en\/wp-json\/wp\/v2\/categories?post=17747"},{"taxonomy":"post_tag","embeddable":true,"href":"https:\/\/tst.incliva.es\/en\/wp-json\/wp\/v2\/tags?post=17747"}],"curies":[{"name":"wp","href":"https:\/\/api.w.org\/{rel}","templated":true}]}}