{"id":18908,"date":"2023-03-01T11:50:14","date_gmt":"2023-03-01T09:50:14","guid":{"rendered":"https:\/\/www.incliva.es\/?p=18908"},"modified":"2023-03-01T11:50:14","modified_gmt":"2023-03-01T09:50:14","slug":"vii-convocatoria-de-premios-a-la-mejor-tesis-doctoral-dra-menendez-2023","status":"publish","type":"post","link":"https:\/\/tst.incliva.es\/en\/vii-convocatoria-de-premios-a-la-mejor-tesis-doctoral-dra-menendez-2023\/","title":{"rendered":"VII CONVOCATORIA DE PREMIOS A LA MEJOR TESIS DOCTORAL &#8220;DRA. MEN\u00c9NDEZ&#8221; (2023)"},"content":{"rendered":"<p class=\"v1MsoNormal\">La Fundaci\u00f3n LAIR convoca el Premio Dra. Men\u00e9ndez, a la Mejor Tesis Doctoral en el campo de las enfermedades sist\u00e9micas de base inmunol\u00f3gica. La Fundaci\u00f3n LAIR pretende, con este premio, recompensar el trabajo y el compromiso que supone la realizaci\u00f3n de una tesis doctoral, reconocer el trabajo de los doctorandos y facilitar la difusi\u00f3n de sus resultados.<\/p>\n<p class=\"v1MsoNormal\">Podr\u00e1 presentarse a este premio cualquier Tesis Doctoral relacionada con el \u00e1mbito de las enfermedades sist\u00e9micas de base inmunol\u00f3gica, defendida en una instituci\u00f3n acad\u00e9mica espa\u00f1ola con fecha de lectura del 1 de Septiembre de 2021 a 31 de Julio de 2022, ambos incluidos.<\/p>\n<p class=\"v1MsoNormal\">Plazo de inscripci\u00f3n: 28\/02\/2023 al 31\/01\/2023<\/p>\n<p class=\"v1MsoNormal\"><strong><em>V\u00e9ase las bases de la convocatoria para m\u00e1s informaci\u00f3n sobre la tr\u00e1mite de solicitud.<\/em><\/strong><\/p>\n<p class=\"v1MsoNormal\"><strong>Formulario de solicitud:<\/strong> <a href=\"https:\/\/www.incliva.es\/wp-content\/uploads\/2023\/03\/FORMULARIO-SOLICITUD-PREMIO-TESIS.pdf\">FORMULARIO SOLICITUD PREMIO TESIS<\/a><\/p>\n<p class=\"v1MsoNormal\"><b>Entidad financiadora: FUNDACI\u00d3N LAIR<\/b><\/p>\n<p class=\"v1MsoNormal\"><b>Inicio: 28\/02\/2023<\/b><\/p>\n<p class=\"v1MsoNormal\"><b>Cierre: 31\/03\/2023<\/b><\/p>\n<p class=\"v1MsoNormal\"><b>Bases: <a href=\"https:\/\/www.incliva.es\/wp-content\/uploads\/2023\/03\/VII-CONVOCATORIA-PREMIO-TESIS.pdf\">VII CONVOCATORIA PREMIO TESIS<\/a><\/b><\/p>\n","protected":false},"excerpt":{"rendered":"<p>La Fundaci\u00f3n LAIR convoca el Premio Dra. Men\u00e9ndez, a la [&hellip;]<\/p>\n","protected":false},"author":12,"featured_media":0,"comment_status":"closed","ping_status":"open","sticky":false,"template":"","format":"standard","meta":[],"categories":[138],"tags":[],"acf":[],"_links":{"self":[{"href":"https:\/\/tst.incliva.es\/en\/wp-json\/wp\/v2\/posts\/18908"}],"collection":[{"href":"https:\/\/tst.incliva.es\/en\/wp-json\/wp\/v2\/posts"}],"about":[{"href":"https:\/\/tst.incliva.es\/en\/wp-json\/wp\/v2\/types\/post"}],"author":[{"embeddable":true,"href":"https:\/\/tst.incliva.es\/en\/wp-json\/wp\/v2\/users\/12"}],"replies":[{"embeddable":true,"href":"https:\/\/tst.incliva.es\/en\/wp-json\/wp\/v2\/comments?post=18908"}],"version-history":[{"count":0,"href":"https:\/\/tst.incliva.es\/en\/wp-json\/wp\/v2\/posts\/18908\/revisions"}],"wp:attachment":[{"href":"https:\/\/tst.incliva.es\/en\/wp-json\/wp\/v2\/media?parent=18908"}],"wp:term":[{"taxonomy":"category","embeddable":true,"href":"https:\/\/tst.incliva.es\/en\/wp-json\/wp\/v2\/categories?post=18908"},{"taxonomy":"post_tag","embeddable":true,"href":"https:\/\/tst.incliva.es\/en\/wp-json\/wp\/v2\/tags?post=18908"}],"curies":[{"name":"wp","href":"https:\/\/api.w.org\/{rel}","templated":true}]}}