{"id":20403,"date":"2023-04-14T10:30:43","date_gmt":"2023-04-14T08:30:43","guid":{"rendered":"https:\/\/www.incliva.es\/?p=20403"},"modified":"2023-04-14T10:30:43","modified_gmt":"2023-04-14T08:30:43","slug":"iii-convocatoria-de-premios-a-proyectos-de-innovacion-para-la-deteccion-precoz-de-cancer-de-pulmon-en-espana","status":"publish","type":"post","link":"https:\/\/tst.incliva.es\/en\/iii-convocatoria-de-premios-a-proyectos-de-innovacion-para-la-deteccion-precoz-de-cancer-de-pulmon-en-espana\/","title":{"rendered":"III Convocatoria de premios a proyectos de innovaci\u00f3n para la detecci\u00f3n precoz de c\u00e1ncer de pulm\u00f3n en Espa\u00f1a"},"content":{"rendered":"<p>Se anuncia la apertura de la III Convocatoria de Premios a Proyectos de Innovaci\u00f3n para la detecci\u00f3n precoz del c\u00e1ncer de pulm\u00f3n, en el marco de la Lung Ambition Alliance (LAA), una iniciativa estrat\u00e9gica de AstraZeneca.<\/p>\n<p>Esta convocatoria tiene como objetivo apoyar el desarrollo de proyectos innovadores en fases tempranas para la detecci\u00f3n precoz del c\u00e1ncer de pulm\u00f3n, priorizando los dispositivos m\u00e9dicos, los proyectos de salud digital y las innovaciones de tipo organizativo en procesos asistenciales y epidemiolog\u00eda.<\/p>\n<p>Lugar y plazo de presentaci\u00f3n: La presentaci\u00f3n de solicitudes se realizar\u00e1 a trav\u00e9s de correo electr\u00f3nico, las solicitudes se enviar\u00e1n a la direcci\u00f3n <em><strong>info@lungambitioncall.org<\/strong><\/em><\/p>\n<p>El plazo de solicitud cierra: el <em><strong>30 de mayo de 2023. (a las 14:00 horas)<\/strong><\/em>. <em><strong>El 22 de Mayo para revisi\u00f3n y firma de la Instituci\u00f3n a: innovacion@incliva.es<\/strong><\/em><\/p>\n<p>Bases Innovaci\u00f3n: <a href=\"https:\/\/www.astrazeneca.es\/content\/dam\/AstraZeneca%20Spain\/Bases_III_Convocatoria_Innov%20v1.0.pdf\">Bases III convocatoria<\/a><\/p>\n<p>Memoria de solicitud: <a href=\"https:\/\/www.astrazeneca.es\/content\/dam\/AstraZeneca%20Spain\/MemoriaSolicitud_III_Conv_Innov_vf.pdf\">Memoria<\/a><\/p>\n","protected":false},"excerpt":{"rendered":"<p>Se anuncia la apertura de la III Convocatoria de Premios [&hellip;]<\/p>\n","protected":false},"author":12,"featured_media":0,"comment_status":"closed","ping_status":"closed","sticky":false,"template":"","format":"standard","meta":[],"categories":[138],"tags":[],"acf":[],"_links":{"self":[{"href":"https:\/\/tst.incliva.es\/en\/wp-json\/wp\/v2\/posts\/20403"}],"collection":[{"href":"https:\/\/tst.incliva.es\/en\/wp-json\/wp\/v2\/posts"}],"about":[{"href":"https:\/\/tst.incliva.es\/en\/wp-json\/wp\/v2\/types\/post"}],"author":[{"embeddable":true,"href":"https:\/\/tst.incliva.es\/en\/wp-json\/wp\/v2\/users\/12"}],"replies":[{"embeddable":true,"href":"https:\/\/tst.incliva.es\/en\/wp-json\/wp\/v2\/comments?post=20403"}],"version-history":[{"count":0,"href":"https:\/\/tst.incliva.es\/en\/wp-json\/wp\/v2\/posts\/20403\/revisions"}],"wp:attachment":[{"href":"https:\/\/tst.incliva.es\/en\/wp-json\/wp\/v2\/media?parent=20403"}],"wp:term":[{"taxonomy":"category","embeddable":true,"href":"https:\/\/tst.incliva.es\/en\/wp-json\/wp\/v2\/categories?post=20403"},{"taxonomy":"post_tag","embeddable":true,"href":"https:\/\/tst.incliva.es\/en\/wp-json\/wp\/v2\/tags?post=20403"}],"curies":[{"name":"wp","href":"https:\/\/api.w.org\/{rel}","templated":true}]}}