{"id":30923,"date":"2024-05-24T13:40:45","date_gmt":"2024-05-24T11:40:45","guid":{"rendered":"https:\/\/www.incliva.es\/?p=30923"},"modified":"2024-05-24T13:40:45","modified_gmt":"2024-05-24T11:40:45","slug":"incliva-recibe-a-267-estudiantes-de-centros-educativos-durante-el-curso-academico-2023-2024","status":"publish","type":"post","link":"https:\/\/tst.incliva.es\/en\/incliva-recibe-a-267-estudiantes-de-centros-educativos-durante-el-curso-academico-2023-2024\/","title":{"rendered":"INCLIVA recibe a 267 estudiantes de centros educativos durante el curso acad\u00e9mico 2023-2024"},"content":{"rendered":"<div class=\"fusion-fullwidth fullwidth-box fusion-builder-row-1 fusion-flex-container nonhundred-percent-fullwidth non-hundred-percent-height-scrolling\" style=\"background-color: rgba(255,255,255,0);background-position: center center;background-repeat: no-repeat;border-width: 0px 0px 0px 0px;border-color:#e2e2e2;border-style:solid;\" ><div class=\"fusion-builder-row fusion-row fusion-flex-align-items-flex-start\" style=\"max-width:1248px;margin-left: calc(-4% \/ 2 );margin-right: calc(-4% \/ 2 );\"><div class=\"fusion-layout-column fusion_builder_column fusion-builder-column-0 fusion_builder_column_1_1 1_1 fusion-flex-column\"><div class=\"fusion-column-wrapper fusion-flex-justify-content-flex-start fusion-content-layout-column\" style=\"background-position:left top;background-repeat:no-repeat;-webkit-background-size:cover;-moz-background-size:cover;-o-background-size:cover;background-size:cover;padding: 0px 0px 0px 0px;\"><div ><span class=\" fusion-imageframe imageframe-none imageframe-1 hover-type-none\"><img src=\"https:\/\/www.incliva.es\/wp-content\/uploads\/2024\/05\/visita-centros-educativos.jpg\" class=\"img-responsive\"\/><\/span><\/div><div class=\"fusion-text fusion-text-1\" style=\"font-size:12px;transform:translate3d(0,0,0);\"><p>Estudiantes del IES La Senda.<\/p>\n<\/div><div class=\"fusion-text fusion-text-2\" style=\"transform:translate3d(0,0,0);\"><p>El Instituto de Investigaci\u00f3n Sanitaria INCLIVA ha recibido hoy la visita de 3\u00ba\u00a0de la ESO del IES La Senda, la \u00faltima en el marco de las jornadas de puertas abiertas dirigidas a centros educativos. Durante el curso acad\u00e9mico 2023-2024, un total de 267 estudiantes de Formaci\u00f3n Profesional, Educaci\u00f3n Secundaria Obligatoria y Bachillerato han visitado las instalaciones de INCLIVA.<\/p>\n<p>El objetivo de estas visitas, organizadas por la Unidad de Cultura Cient\u00edfica y de la Innovaci\u00f3n (UCC+I) de INCLIVA, es fomentar las vocaciones cient\u00edficas y dar a conocer las oportunidades laborales que ofrece la investigaci\u00f3n biom\u00e9dica.<\/p>\n<p>En esta edici\u00f3n han participado ocho centros educativos, tanto de la ciudad como de la provincia de Valencia. As\u00ed, hasta INCLIVA se han desplazado grupos de estudiantes de municipios como X\u00e0tiva, Silla, Sagunto, Vall de Ux\u00f3 y Quart de Poblet.<\/p>\n<p>En cuanto a niveles educativos, 136 alumnos proceden de Formaci\u00f3n Profesional, 93 de Educaci\u00f3n Secundaria Obligatoria (ESO) y 38 de Bachillerato.<\/p>\n<p>Han participado institutos como el CIPFP La Costera, a trav\u00e9s de la asignatura de An\u00e1lisis Bioqu\u00edmico del Ciclo Superior de Laboratorio Cl\u00ednico y Biom\u00e9dico; el IES El Puig, mediante la vista del curso de Bachillerato de Biolog\u00eda; el IES Honori Garc\u00eda, a trav\u00e9s del Ciclo Formativo del Grado Superior de Laboratorio Cl\u00ednico y Biom\u00e9dico, y el IES Enric Valor, mediante la visita de estudiantes del segundo curso del CFGS Laboratorio de Diagn\u00f3stico Cl\u00ednico. Tambi\u00e9n han participado el CEU San Pablo con estudiantes de cuarto de la ESO y el CIPFP La Laboral, que ha visitado INCLIVA en dos ocasiones: la primera de ellas con el Curso de Especializaci\u00f3n en Cultivos Celulares y la segunda, con el primer curso de Bachillerato, a trav\u00e9s de la asignatura de Biolog\u00eda Humana y Salud. Asimismo, INCLIVA ha recibido la visita del Colegio El Pilar, a trav\u00e9s de la asignatura de Biolog\u00eda Humana y Salud del primer curso de Bachillerato, y del IES La Senda, instituto que ha participado dos veces con dos grupos distintos con alumnado de tercero de la ESO.<\/p>\n<p>Las visitas de los centros educativos se estructuran en dos partes: la primera de ellas consiste en la bienvenida y presentaci\u00f3n de la labor de INCLIVA, a cargo de la Gerencia o la Direcci\u00f3n Cient\u00edfica. Para los niveles educativos superiores, esta introducci\u00f3n se complementa con una explicaci\u00f3n sobre la carrera investigadora.<\/p>\n<p>En la segunda parte los estudiantes exploran los laboratorios de la Unidad Central de Investigaci\u00f3n de Medicina (UCIM) y otros servicios y grupos de investigaci\u00f3n. As\u00ed, han participado grupos de investigaci\u00f3n como el de Enfermedades metab\u00f3licas y el de Riesgo cardiometab\u00f3lico y renal. Por otro lado, tambi\u00e9n se han visitado algunas plataformas de investigaci\u00f3n como Citometr\u00eda de flujo, Cultivos organoides, Cultivos celulares, Medicina de precisi\u00f3n, Microscop\u00eda confocal, C\u00e1mara PET-TC, Metabol\u00f3mica y espectrometr\u00eda de masas, An\u00e1lisis Multig\u00e9nico y el Biobanco de INCLIVA.<\/p>\n<\/div><div ><span class=\" fusion-imageframe imageframe-none imageframe-2 hover-type-none\"><img src=\"https:\/\/www.incliva.es\/wp-content\/uploads\/2024\/05\/visitas-colegio-2.jpg\" class=\"img-responsive\"\/><\/span><\/div><div class=\"fusion-text fusion-text-3\" style=\"font-size:12px;transform:translate3d(0,0,0);\"><p>Visita al Biobanco de INCLIVA.<\/p>\n<\/div><div class=\"fusion-text fusion-text-4\" style=\"transform:translate3d(0,0,0);\"><p>Con estas visitas INCLIVA reafirma su compromiso con acercar la ciencia a la ciudadan\u00eda y promover vocaciones cient\u00edficas. Despertar el inter\u00e9s por la investigaci\u00f3n entre los m\u00e1s j\u00f3venes es esencial para seguir generando talento capaz de dar respuesta a los grandes retos sociales a trav\u00e9s de la creaci\u00f3n de conocimiento y de la innovaci\u00f3n.<\/p>\n<p>Estas actividades se enmarcan en el Plan Estrat\u00e9gico de INCLIVA 2020-2024, que prioriza el acercamiento de la investigaci\u00f3n a la sociedad, y en el eje de Divulgaci\u00f3n del Plan de Comunicaci\u00f3n Cient\u00edfica de INCLIVA, que contempla la realizaci\u00f3n de jornadas de puertas abiertas dirigidas a centros educativos.<\/p>\n<\/div><\/div><\/div><style type=\"text\/css\">.fusion-body .fusion-builder-column-0{width:100% !important;margin-top : 0px;margin-bottom : 0px;}.fusion-builder-column-0 > .fusion-column-wrapper {padding-top : 0px !important;padding-right : 0px !important;margin-right : 1.92%;padding-bottom : 0px !important;padding-left : 0px !important;margin-left : 1.92%;}@media only screen and (max-width:1532px) {.fusion-body .fusion-builder-column-0{width:100% !important;}.fusion-builder-column-0 > .fusion-column-wrapper {margin-right : 1.92%;margin-left : 1.92%;}}@media only screen and (max-width:640px) {.fusion-body .fusion-builder-column-0{width:100% !important;}.fusion-builder-column-0 > .fusion-column-wrapper {margin-right : 1.92%;margin-left : 1.92%;}}<\/style><\/div><style type=\"text\/css\">.fusion-body .fusion-flex-container.fusion-builder-row-1{ padding-top : 0px;margin-top : 0px;padding-right : 0px;padding-bottom : 0px;margin-bottom : 0px;padding-left : 0px;}<\/style><\/div>\n","protected":false},"excerpt":{"rendered":"","protected":false},"author":12,"featured_media":30924,"comment_status":"closed","ping_status":"closed","sticky":false,"template":"","format":"standard","meta":[],"categories":[2],"tags":[],"acf":[],"_links":{"self":[{"href":"https:\/\/tst.incliva.es\/en\/wp-json\/wp\/v2\/posts\/30923"}],"collection":[{"href":"https:\/\/tst.incliva.es\/en\/wp-json\/wp\/v2\/posts"}],"about":[{"href":"https:\/\/tst.incliva.es\/en\/wp-json\/wp\/v2\/types\/post"}],"author":[{"embeddable":true,"href":"https:\/\/tst.incliva.es\/en\/wp-json\/wp\/v2\/users\/12"}],"replies":[{"embeddable":true,"href":"https:\/\/tst.incliva.es\/en\/wp-json\/wp\/v2\/comments?post=30923"}],"version-history":[{"count":0,"href":"https:\/\/tst.incliva.es\/en\/wp-json\/wp\/v2\/posts\/30923\/revisions"}],"wp:featuredmedia":[{"embeddable":true,"href":"https:\/\/tst.incliva.es\/en\/wp-json\/wp\/v2\/media\/30924"}],"wp:attachment":[{"href":"https:\/\/tst.incliva.es\/en\/wp-json\/wp\/v2\/media?parent=30923"}],"wp:term":[{"taxonomy":"category","embeddable":true,"href":"https:\/\/tst.incliva.es\/en\/wp-json\/wp\/v2\/categories?post=30923"},{"taxonomy":"post_tag","embeddable":true,"href":"https:\/\/tst.incliva.es\/en\/wp-json\/wp\/v2\/tags?post=30923"}],"curies":[{"name":"wp","href":"https:\/\/api.w.org\/{rel}","templated":true}]}}