{"id":39500,"date":"2021-05-04T08:08:14","date_gmt":"2021-05-04T06:08:14","guid":{"rendered":"https:\/\/www.incliva.es\/?p=5895"},"modified":"2021-05-04T08:08:14","modified_gmt":"2021-05-04T06:08:14","slug":"incliva-forma-a-jovenes-investigadores-internacionales-en-buenas-practicas-de-la-investigacion-biomedica","status":"publish","type":"post","link":"https:\/\/tst.incliva.es\/en\/incliva-forma-a-jovenes-investigadores-internacionales-en-buenas-practicas-de-la-investigacion-biomedica\/","title":{"rendered":"INCLIVA forma a j\u00f3venes investigadores internacionales en buenas pr\u00e1cticas de la investigaci\u00f3n biom\u00e9dica"},"content":{"rendered":"<div class=\"fusion-fullwidth fullwidth-box fusion-builder-row-1 fusion-flex-container nonhundred-percent-fullwidth non-hundred-percent-height-scrolling\" style=\"background-color: rgba(255,255,255,0);background-position: center center;background-repeat: no-repeat;border-width: 0px 0px 0px 0px;border-color:#e2e2e2;border-style:solid;\" ><div class=\"fusion-builder-row fusion-row fusion-flex-align-items-center\" style=\"max-width:1248px;margin-left: calc(-4% \/ 2 );margin-right: calc(-4% \/ 2 );\"><div class=\"fusion-layout-column fusion_builder_column fusion-builder-column-0 fusion_builder_column_1_1 1_1 fusion-flex-column\"><div class=\"fusion-column-wrapper fusion-flex-justify-content-flex-start fusion-content-layout-column\" style=\"background-position:left top;background-repeat:no-repeat;-webkit-background-size:cover;-moz-background-size:cover;-o-background-size:cover;background-size:cover;padding: 0px 0px 0px 0px;\"><div style=\"text-align:center;\"><span class=\" fusion-imageframe imageframe-none imageframe-1 hover-type-none\" style=\"margin-bottom:20px;\"><img src=\"https:\/\/www.incliva.es\/wp-content\/uploads\/2021\/05\/taller_clarify_Fleitas_1-800x450.jpg\" class=\"img-responsive\"\/><\/span><\/div><div class=\"fusion-text fusion-text-1\" style=\"transform:translate3d(0,0,0);\"><p><strong>Val\u00e8ncia, 4 de mayo de 2021<\/strong>. El Instituto de Investigaci\u00f3n Sanitaria INCLIVA del Hospital Cl\u00ednico de Valencia participa en un ambicioso programa de formaci\u00f3n multidisciplinar dirigido a doce j\u00f3venes investigadores de doctorado de ocho pa\u00edses en el marco del proyecto europeo CLARIFY. El primer curso de formaci\u00f3n del programa ha arrancado con un taller on line en Investigaci\u00f3n e Innovaci\u00f3n Responsable (RRI por sus siglas en ingl\u00e9s).<\/p>\n<p>La RRI busca reducir la distancia entre la ciencia y la sociedad, alinear la investigaci\u00f3n y la innovaci\u00f3n con los valores, las necesidades y las expectativas de la sociedad, responder a los retos sociales y alcanzar una ciencia m\u00e1s abierta, transparente, diversa, inclusiva y adaptable a los cambios. La RRI se basa en seis pilares: educaci\u00f3n cient\u00edfica, igualdad de g\u00e9nero, acceso abierto, gobernanza, \u00e9tica y participaci\u00f3n ciudadana.<\/p>\n<p>Este primer taller en RRI, organizado por el Dr. Carlos Monteagudo, investigador principal del proyecto CLARIFY en INCLIVA, se ha centrado en tres grandes temas transversales: ciencia abierta, gesti\u00f3n de los aspectos de g\u00e9nero en ingenier\u00eda y aspectos \u00e9ticos de la investigaci\u00f3n biom\u00e9dica. Esta \u00faltima sesi\u00f3n, a cargo del Dr. Andr\u00e9s Cervantes y la Dra. Tania Fleitas, director general y onc\u00f3loga m\u00e9dica e investigadora Joan Rod\u00e9s en INCLIVA, respectivamente, ha abordado el intercambio de datos desde la perspectiva cl\u00ednica.<\/p>\n<p>En ciencia, el intercambio de datos es necesario para nuevos usos y cooperaci\u00f3n, por transparencia, pero tambi\u00e9n para favorecer la reproducibilidad de los estudios, la verificaci\u00f3n de los resultados de la investigaci\u00f3n, la reducci\u00f3n de costes, la mejora del impacto de la investigaci\u00f3n, la promoci\u00f3n de nuevos proyectos o incluso para el reconocimiento del trabajo realizado. Por ejemplo, gracias a la compartici\u00f3n de datos, podemos saber m\u00e1s sobre la biolog\u00eda del tumor y crear nuevas oportunidades terap\u00e9uticas que mejoren los resultados en pacientes con c\u00e1ncer.<\/p>\n<p>Seg\u00fan ha explicado la Dra. Fleitas, el intercambio de datos, dentro del cumplimiento de la \u00e9tica y la legislaci\u00f3n aplicable, es esencial para el desarrollo de la investigaci\u00f3n en beneficio de los pacientes, pero requiere un adecuado y actualizado plan de gesti\u00f3n de datos, as\u00ed como planes de gesti\u00f3n de la calidad y de mitigaci\u00f3n de los riesgos, seguir los principios de la buena pr\u00e1ctica cl\u00ednica en estudios cl\u00ednicos y tener especial cuidado con los datos sensibles.<\/p>\n<p><strong>Proyecto internacional de investigaci\u00f3n y formaci\u00f3n<\/strong><\/p>\n<p><a href=\"http:\/\/www.clarify-project.eu\/\" target=\"_blank\" rel=\"noopener\">CLARIFY<\/a> es un proyecto de investigaci\u00f3n y formaci\u00f3n de alto nivel innovador, transnacional, multisectorial y multidisciplinar que vincula dos especialidades altamente diferenciadas: ingenier\u00eda y medicina.<\/p>\n<p>El proyecto permitir\u00e1 a doce j\u00f3venes investigadores de diversas nacionalidades completar sus programas de doctorado en una de las instituciones participantes en el proyecto, conocer los \u00faltimos avances cient\u00edficos en IA, computaci\u00f3n en la nube y patolog\u00eda digital, as\u00ed como potenciar nuevas habilidades transferibles. Para ello, adem\u00e1s de varias estancias de uno a tres meses cada una en otros centros europeos, el programa organiza cursos formativos anualmente y promueve una red europea de investigaci\u00f3n con expertos en ingenier\u00eda y medicina.<\/p>\n<p>Por lo que respecta al objetivo cient\u00edfico de CLARIFY, el proyecto busca mejorar el diagn\u00f3stico del c\u00e1ncer de mama triple negativo (TNBC), el c\u00e1ncer de vejiga no m\u00fasculo invasivo de alto riesgo (HR-NMIBC) y los tumores melanoc\u00edticos spitzoides (SML). Con este fin, un total de nueve organizaciones de Espa\u00f1a, Pa\u00edses Bajos y Noruega est\u00e1n trabajando en el desarrollo e implementaci\u00f3n de t\u00e9cnicas avanzadas de inteligencia artificial, procesado de im\u00e1genes y computaci\u00f3n en la nube aplicadas al \u00e1mbito de la patolog\u00eda digital.<\/p>\n<p>El proyecto, liderado por la Universitat Polit\u00e8cnica de Val\u00e8ncia (UPV), est\u00e1 financiado por el programa Horizonte 2020 de la Uni\u00f3n Europea, en el marco de la convocatoria Innovative Training Networks (ITN) del programa de movilidad del personal investigador \u2018Marie Sklodowska-Curie\u2019, que busca formar, por medio de una red internacional de centros p\u00fablicos y privados, una nueva generaci\u00f3n de investigadores creativos e innovadores, capaces de transformar los conocimientos y las ideas en productos y servicios para beneficio econ\u00f3mico y social de la Uni\u00f3n Europea.<\/p>\n<\/div><\/div><\/div><style type=\"text\/css\">.fusion-body .fusion-builder-column-0{width:100% !important;margin-top : 0px;margin-bottom : 0px;}.fusion-builder-column-0 > .fusion-column-wrapper {padding-top : 0px !important;padding-right : 0px !important;margin-right : 1.92%;padding-bottom : 0px !important;padding-left : 0px !important;margin-left : 1.92%;}@media only screen and (max-width:1532px) {.fusion-body .fusion-builder-column-0{width:100% !important;}.fusion-builder-column-0 > .fusion-column-wrapper {margin-right : 1.92%;margin-left : 1.92%;}}@media only screen and (max-width:640px) {.fusion-body .fusion-builder-column-0{width:100% !important;}.fusion-builder-column-0 > .fusion-column-wrapper {margin-right : 1.92%;margin-left : 1.92%;}}<\/style><\/div><style type=\"text\/css\">.fusion-body .fusion-flex-container.fusion-builder-row-1{ padding-top : 0px;margin-top : 0px;padding-right : 0px;padding-bottom : 0px;margin-bottom : 0px;padding-left : 0px;}<\/style><\/div>\n","protected":false},"excerpt":{"rendered":"","protected":false},"author":12,"featured_media":5896,"comment_status":"open","ping_status":"open","sticky":false,"template":"","format":"standard","meta":[],"categories":[2],"tags":[],"acf":[],"_links":{"self":[{"href":"https:\/\/tst.incliva.es\/en\/wp-json\/wp\/v2\/posts\/39500"}],"collection":[{"href":"https:\/\/tst.incliva.es\/en\/wp-json\/wp\/v2\/posts"}],"about":[{"href":"https:\/\/tst.incliva.es\/en\/wp-json\/wp\/v2\/types\/post"}],"author":[{"embeddable":true,"href":"https:\/\/tst.incliva.es\/en\/wp-json\/wp\/v2\/users\/12"}],"replies":[{"embeddable":true,"href":"https:\/\/tst.incliva.es\/en\/wp-json\/wp\/v2\/comments?post=39500"}],"version-history":[{"count":0,"href":"https:\/\/tst.incliva.es\/en\/wp-json\/wp\/v2\/posts\/39500\/revisions"}],"wp:featuredmedia":[{"embeddable":true,"href":"https:\/\/tst.incliva.es\/en\/wp-json\/wp\/v2\/media\/5896"}],"wp:attachment":[{"href":"https:\/\/tst.incliva.es\/en\/wp-json\/wp\/v2\/media?parent=39500"}],"wp:term":[{"taxonomy":"category","embeddable":true,"href":"https:\/\/tst.incliva.es\/en\/wp-json\/wp\/v2\/categories?post=39500"},{"taxonomy":"post_tag","embeddable":true,"href":"https:\/\/tst.incliva.es\/en\/wp-json\/wp\/v2\/tags?post=39500"}],"curies":[{"name":"wp","href":"https:\/\/api.w.org\/{rel}","templated":true}]}}