{"id":39507,"date":"2021-05-17T13:15:13","date_gmt":"2021-05-17T11:15:13","guid":{"rendered":"https:\/\/www.incliva.es\/?p=6052"},"modified":"2021-05-17T13:15:13","modified_gmt":"2021-05-17T11:15:13","slug":"subvenciones-para-mejorar-la-formacion-y-empleabilidad-de-personal-tecnico-y-de-gestion-de-la-idi","status":"publish","type":"post","link":"https:\/\/tst.incliva.es\/en\/subvenciones-para-mejorar-la-formacion-y-empleabilidad-de-personal-tecnico-y-de-gestion-de-la-idi\/","title":{"rendered":"Subvenciones para mejorar la formaci\u00f3n y empleabilidad de personal t\u00e9cnico y de gesti\u00f3n de la I+D+I"},"content":{"rendered":"<p>Convocatoria para el ejercicio 2021 de las subvenciones para mejorar la formaci\u00f3n y empleabilidad de personal t\u00e9cnico y de gesti\u00f3n de la I+D a trav\u00e9s de su contrataci\u00f3n laboral por entidades p\u00fablicas de investigaci\u00f3n, en el marco del Sistema Nacional de Garant\u00eda Juvenil y cofinanciadas por el Fondo Social Europeo y la Iniciativa de empleo juvenil.<\/p>\n<p>Adem\u00e1s de favorecer la empleabilidad de los j\u00f3venes no ocupados, con estas subvenciones se pretende reforzar las actividades de investigaci\u00f3n de los centros de investigaci\u00f3n p\u00fablicos y el rendimiento de infraestructuras, equipamientos cient\u00edfico-t\u00e9cnicos, laboratorios o cualquier otra instalaci\u00f3n o servicio de car\u00e1cter general o de uso com\u00fan de la entidad, de car\u00e1cter cient\u00edfico-t\u00e9cnico, o de gesti\u00f3n de la investigaci\u00f3n.<\/p>\n<p>La duraci\u00f3n de las subvenciones ser\u00e1 de 12 meses (la fecha de inicio de los contratos vendr\u00e1 determinada en la resoluci\u00f3n de concesi\u00f3n) y el coste de contrataci\u00f3n m\u00e1ximo financiable (suma de la retribuci\u00f3n bruta del personal contratado m\u00e1s la correspondiente cuota empresarial de la Seguridad Social) ser\u00e1:<\/p>\n<p>a) 21.329,85 euros, en el caso de personal con titulaci\u00f3n universitaria.<br \/>\nb) 19.479,81 euros en el caso de personal con titulaci\u00f3n en el marco de la formaci\u00f3n profesional del sistema educativo.<\/p>\n<h4>PLAZO Y FORMA DE LA PRESENTACI\u00d3N DE LA SOLICITUD<\/h4>\n<p>Las solicitudes y la documentaci\u00f3n necesaria se presentar\u00e1n telem\u00e1ticamente, cumplimentando el modelo oficial de solicitud que estar\u00e1 disponible en la sede electr\u00f3nica de la Generalitat<br \/>\nValenciana <a href=\"https:\/\/sede.gva.es\" target=\"_blank\" rel=\"noopener\">https:\/\/sede.gva.es<\/a> y en la p\u00e1gina web de la Conselleria de Innovaci\u00f3n, Universidades, Ciencia y Sociedad Digital: <a href=\"http:\/\/innova.gva.es\/es\/web\/ciencia\" target=\"_blank\" rel=\"noopener\">http:\/\/innova.gva.es\/es\/web\/ciencia<\/a>.<\/p>\n<p><strong>Plazo<\/strong>: 27 mayo 2021 (Plazo INCLIVA: 24 mayo 2021)<\/p>\n","protected":false},"excerpt":{"rendered":"<p>Convocatoria para el ejercicio 2021 de las subvenciones para mejorar [&hellip;]<\/p>\n","protected":false},"author":12,"featured_media":0,"comment_status":"open","ping_status":"open","sticky":false,"template":"","format":"standard","meta":[],"categories":[138],"tags":[],"acf":[],"_links":{"self":[{"href":"https:\/\/tst.incliva.es\/en\/wp-json\/wp\/v2\/posts\/39507"}],"collection":[{"href":"https:\/\/tst.incliva.es\/en\/wp-json\/wp\/v2\/posts"}],"about":[{"href":"https:\/\/tst.incliva.es\/en\/wp-json\/wp\/v2\/types\/post"}],"author":[{"embeddable":true,"href":"https:\/\/tst.incliva.es\/en\/wp-json\/wp\/v2\/users\/12"}],"replies":[{"embeddable":true,"href":"https:\/\/tst.incliva.es\/en\/wp-json\/wp\/v2\/comments?post=39507"}],"version-history":[{"count":0,"href":"https:\/\/tst.incliva.es\/en\/wp-json\/wp\/v2\/posts\/39507\/revisions"}],"wp:attachment":[{"href":"https:\/\/tst.incliva.es\/en\/wp-json\/wp\/v2\/media?parent=39507"}],"wp:term":[{"taxonomy":"category","embeddable":true,"href":"https:\/\/tst.incliva.es\/en\/wp-json\/wp\/v2\/categories?post=39507"},{"taxonomy":"post_tag","embeddable":true,"href":"https:\/\/tst.incliva.es\/en\/wp-json\/wp\/v2\/tags?post=39507"}],"curies":[{"name":"wp","href":"https:\/\/api.w.org\/{rel}","templated":true}]}}