{"id":9429,"date":"2022-01-27T15:15:36","date_gmt":"2022-01-27T14:15:36","guid":{"rendered":"https:\/\/www.incliva.es\/?p=9429"},"modified":"2022-01-27T15:15:36","modified_gmt":"2022-01-27T14:15:36","slug":"convocatoria-subvenciones-destinadas-a-la-financiacion-del-programa-investigo","status":"publish","type":"post","link":"https:\/\/tst.incliva.es\/en\/convocatoria-subvenciones-destinadas-a-la-financiacion-del-programa-investigo\/","title":{"rendered":"Convocatoria Subvenciones destinadas a la financiaci\u00f3n del \u00abPrograma Investigo\u00bb,"},"content":{"rendered":"<p>RESOLUCI\u00d3N de 20 de diciembre de 2021, de la Conselleria de Innovaci\u00f3n, Universidades, Investigaci\u00f3n y Sociedad Digital, por la que se convocan de forma anticipada en<br \/>\n2021 subvenciones destinadas a la financiaci\u00f3n del \u00abPrograma Investigo\u00bb, de contrataci\u00f3n de personas j\u00f3venes demandantes de empleo en la realizaci\u00f3n de iniciativas de<br \/>\ninvestigaci\u00f3n e innovaci\u00f3n en la Comunitat Valenciana, en el marco del Plan de recuperaci\u00f3n, transformaci\u00f3n y resiliencia, para su ejecuci\u00f3n en 2022.<\/p>\n<p><a href=\"https:\/\/www.incliva.es\/wp-content\/uploads\/2022\/01\/2021_12822.pdf\">https:\/\/www.incliva.es\/wp-content\/uploads\/2022\/01\/2021_12822.pdf<\/a><\/p>\n<h3><strong>Descripci\u00f3n de las ayudas<\/strong><\/h3>\n<p>Subvenciones destinadas a la contrataci\u00f3n de personas j\u00f3venes demandantes de empleo, para el desarrollo y ejecuci\u00f3n de las funciones, tareas e iniciativas de investigaci\u00f3n e innovaci\u00f3n en la Comunitat Valenciana, en calidad de personal investigador, tecn\u00f3loga\/o, personal t\u00e9cnico u otros perfiles profesionales en I+D+i, as\u00ed como, en su caso, como personal de apoyo a la investigaci\u00f3n. (art. 1 de la convocatoria)<\/p>\n<p>Beneficiarios: Centros de investigaci\u00f3n en la Comunitat Valenciana (art. 3 de la convocatoria)<\/p>\n<p>Solicitantes: La formalizaci\u00f3n de la solicitud la realizar\u00e1 la persona coordinadora responsable de la actuaci\u00f3n para la que se requiera contratar personal (art. 5.1 de la convocatoria).<\/p>\n<p>Subvenciona: (art. 4 de la convocatoria)<\/p>\n<ol>\n<li>a) Costes laborales seg\u00fan el m\u00f3dulo:<\/li>\n<\/ol>\n<p>M\u00f3dulo A (contratos en los grupos de cotizaci\u00f3n de la Seguridad Social 9 a 5): 22.405,94 euros por persona y a\u00f1o contratada.<\/p>\n<p>M\u00f3dulo B (contratos en los grupos de cotizaci\u00f3n de la Seguridad Social 4 a 1): 33.108,92 euros por persona y a\u00f1o contratada.<\/p>\n<ol>\n<li>b) Ayudas al desplazamiento<\/li>\n<\/ol>\n<p>Importe fijo de 1.000 \u20ac por persona que demuestre que reside en provincia distinta del puesto de trabajo.<\/p>\n<h3><strong>Bases reguladoras<\/strong><\/h3>\n<p><a href=\"https:\/\/www.boe.es\/boe\/dias\/2021\/11\/19\/pdfs\/BOE-A-2021-19043.pdf\">-Orden TES\/1267\/2021 del Ministerio de Trabajo y Econom\u00eda Social, por la que se establecen las bases reguladoras para la concesi\u00f3n de subvenciones p\u00fablicas, destinadas a la financiaci\u00f3n del &#8220;Programa Investigo&#8221;, de contrataci\u00f3n de personas j\u00f3venes demandantes de empleo en la realizaci\u00f3n de iniciativas de investigaci\u00f3n en innovaci\u00f3n, en el marco del Plan de Recuperaci\u00f3n, Transformaci\u00f3n y Resiliencia (BOE n\u00fam. 277, de 19 de noviembre de 2021)<\/a><\/p>\n<p><a href=\"https:\/\/www.boe.es\/boe\/dias\/2021\/12\/11\/pdfs\/BOE-A-2021-20511.pdf\">-Correcci\u00f3n Bases Reguladoras<\/a><\/p>\n<h3><strong>Convocatoria<\/strong><\/h3>\n<p><a href=\"https:\/\/dogv.gva.es\/datos\/2021\/12\/29\/pdf\/2021_12822.pdf\">-Resoluci\u00f3n de 20 de diciembre de 2021, de la Conselleria de Innovaci\u00f3n, Universidades, investigaci\u00f3n y Sociedad Digital, por la que se convocan de forma anticipada en 2021 subvenciones destinadas a la financiaci\u00f3n del \u00abPrograma Investigo\u00bb, de contrataci\u00f3n de personas j\u00f3venes demandantes de empleo en la realizaci\u00f3n de iniciativas de investigaci\u00f3n e innovaci\u00f3n en la Comunitat Valenciana, en el marco del Plan de recuperaci\u00f3n, transformaci\u00f3n y resiliencia, para su ejecuci\u00f3n en 2022 (DOGV n\u00fam. 9245, de 29 de diciembre de 2021)<\/a><\/p>\n<p><strong>Plazo de presentaci\u00f3n de solicitudes:\u00a0<\/strong>desde el 1 al 20 de marzo de 2022<\/p>\n","protected":false},"excerpt":{"rendered":"<p>RESOLUCI\u00d3N de 20 de diciembre de 2021, de la Conselleria [&hellip;]<\/p>\n","protected":false},"author":12,"featured_media":0,"comment_status":"open","ping_status":"open","sticky":false,"template":"","format":"standard","meta":[],"categories":[138],"tags":[],"acf":[],"_links":{"self":[{"href":"https:\/\/tst.incliva.es\/en\/wp-json\/wp\/v2\/posts\/9429"}],"collection":[{"href":"https:\/\/tst.incliva.es\/en\/wp-json\/wp\/v2\/posts"}],"about":[{"href":"https:\/\/tst.incliva.es\/en\/wp-json\/wp\/v2\/types\/post"}],"author":[{"embeddable":true,"href":"https:\/\/tst.incliva.es\/en\/wp-json\/wp\/v2\/users\/12"}],"replies":[{"embeddable":true,"href":"https:\/\/tst.incliva.es\/en\/wp-json\/wp\/v2\/comments?post=9429"}],"version-history":[{"count":0,"href":"https:\/\/tst.incliva.es\/en\/wp-json\/wp\/v2\/posts\/9429\/revisions"}],"wp:attachment":[{"href":"https:\/\/tst.incliva.es\/en\/wp-json\/wp\/v2\/media?parent=9429"}],"wp:term":[{"taxonomy":"category","embeddable":true,"href":"https:\/\/tst.incliva.es\/en\/wp-json\/wp\/v2\/categories?post=9429"},{"taxonomy":"post_tag","embeddable":true,"href":"https:\/\/tst.incliva.es\/en\/wp-json\/wp\/v2\/tags?post=9429"}],"curies":[{"name":"wp","href":"https:\/\/api.w.org\/{rel}","templated":true}]}}